{"id":1810,"date":"2022-11-25T06:24:00","date_gmt":"2022-11-25T06:24:00","guid":{"rendered":"https:\/\/press.defyhatenow.org\/?p=1810"},"modified":"2022-12-16T06:28:02","modified_gmt":"2022-12-16T06:28:02","slug":"stop-intox-front-commun-pour-la-lutte-contre-la-desinformation-et-la-propagation-des-discours-de-haine","status":"publish","type":"post","link":"https:\/\/press.defyhatenow.org\/fr\/stop-intox-front-commun-pour-la-lutte-contre-la-desinformation-et-la-propagation-des-discours-de-haine\/","title":{"rendered":"Stop Intox: Front Commun pour la lutte contre la d\u00e9sinformation et la propagation des discours de haine"},"content":{"rendered":"<p><a href=\"https:\/\/stopintox.cm\/2022\/11\/25\/front-commun-pour-la-lutte-contre-la-desinformation-et-la-propagation-des-discours-de-haine\/\">Link to article<\/a><\/p>\n\n\n\n<h3 class=\"wp-block-heading\"><strong><mark>C\u2019est l\u2019objectif de la conf\u00e9rence sur la lutte contre la&nbsp;d\u00e9sinformation et les discours haineux, baptis\u00e9e, \u00ab&nbsp;AFFCameroon Conference&nbsp;\u00bb, organis\u00e9e par Defyhatenow et Civic Watch, du 18 au 19 novembre 2022, \u00e0 Yaound\u00e9. &nbsp;<\/mark><\/strong><\/h3>\n\n\n\n<p>Cette conf\u00e9rence \u00e9tait plac\u00e9e sous le th\u00e8me&nbsp;: \u00ab&nbsp;<strong>pour une synergie d\u2019actions contre la d\u00e9sinformation et les discours haineux en ligne pour la paix et le d\u00e9veloppement au Cameroun<\/strong>&nbsp;\u00bb. Ce th\u00e8me d\u00e9coule du constat selon lequel la mont\u00e9e de la propagation de la d\u00e9sinformation et des discours de haine dans notre soci\u00e9t\u00e9 devient de plus en plus inqui\u00e9tante. Il \u00e9tait donc question de marquer le pas pour examiner des solutions efficaces pour contrer des Fake News, les menaces pour la paix et le d\u00e9veloppement durable.&nbsp;<strong><em>\u00ab&nbsp;Le ph\u00e9nom\u00e8ne de la d\u00e9sinformation au Cameroun a atteint un niveau d\u2019alerte et c\u2019est m\u00eame pour cette raison qu\u2019il y a cette rencontre. Le ph\u00e9nom\u00e8ne d\u2019internet a amplifi\u00e9 la d\u00e9sinformation au vue de son caract\u00e8re instantan\u00e9 et quand cette information n\u2019est pas bonne, elle semble aller plus vite que la bonne information. Donc il \u00e9tait temps qu\u2019on s\u2019assied et qu\u2019on adresse cette question et qu\u2019on puisse faire quelque chose pour pouvoir combattre la lutte contre la d\u00e9sinformation&nbsp;\u00bb<\/em><\/strong>, constate&nbsp;<strong>Pr Jean NTA A BITANG<\/strong>, Directeur adjoint charg\u00e9 des \u00e9tudes \u00e0 l\u2019Ecole Sup\u00e9rieure des Sciences et Techniques de l\u2019Information et de la Communication (ESSTIC).<\/p>\n\n\n\n<blockquote class=\"wp-block-quote is-layout-flow wp-block-quote-is-layout-flow\">\n<p><strong><em><mark>\u00ab&nbsp;Le ph\u00e9nom\u00e8ne d\u2019internet a amplifi\u00e9 la d\u00e9sinformation au vue de son caract\u00e8re instantan\u00e9 et quand cette information n\u2019est pas bonne, elle semble aller plus vite\u00bb<\/mark><\/em><\/strong><strong>Pr Jean NTA A BITANG<\/strong>, Directeur adjoint charg\u00e9 des \u00e9tudes \u00e0 l\u2019Ecole Sup\u00e9rieure des Sciences et Techniques de l\u2019Information et de la Communication (ESSTIC).<\/p>\n<\/blockquote>\n\n\n\n<p>Pour barrer la route \u00e0 la d\u00e9sinformation et les discours haineux, il faut des actions communes et non individuelles, il ne faut pas aller en rang dispers\u00e9, d\u2019o\u00f9 la synergie d\u2019actions. L\u2019objectif \u00e9tait donc de r\u00e9unir tous les acteurs qui peuvent contrer la mise en sc\u00e8ne de la d\u00e9sinformation&nbsp;<strong><em>\u00ab&nbsp;Je crois que l\u2019objectif principal est de r\u00e9unir les producteurs de contenu et des journalistes et m\u00eame le public ici pour d\u00e9battre sur les actions concr\u00e8tes que nous allons prendre dans les ann\u00e9es \u00e0 venir. Nous ne pensons pas seulement aux actions individuelles, nous pensons qu\u2019il doit y avoir une synergie d\u2019actions entre les pouvoirs publics, les organisations de la soci\u00e9t\u00e9 civile, les instances internationales et c\u2019est la raison de leur pr\u00e9sence aujourd\u2019hui et m\u00eame \u00bb<\/em><\/strong>, indique&nbsp;<strong>NGALA Desmond<\/strong>, Country Manager de&nbsp;<a href=\"https:\/\/defyhatenow.org\/\">Defyhatenow<\/a>.<\/p>\n\n\n\n<h4 class=\"wp-block-heading\"><strong><mark>L\u2019\u00e9ducation aux m\u00e9dias reste une urgence<\/mark><\/strong><\/h4>\n\n\n\n<figure class=\"wp-block-image\"><img decoding=\"async\" src=\"https:\/\/stopintox.cm\/wp-content\/uploads\/2022\/11\/Fh2WBLMWAAA0vtv-1024x646.jpg\" alt=\"\" class=\"wp-image-2299\"\/><figcaption class=\"wp-element-caption\"><em>Armelle Sitchoma de Stopintox (\u00e0 droite) dans une formation aux fondamentaux du factchecking avec des \u00e9tudiants<\/em><\/figcaption><\/figure>\n\n\n\n<p>En mati\u00e8re de lutte contre la d\u00e9sinformation, il faut investir sur l\u2019homme, dans la mesure o\u00f9 c\u2019est l\u2019homme qui est au ch\u0153ur de ce ph\u00e9nom\u00e8ne impactant n\u00e9gativement la soci\u00e9t\u00e9 de l\u2019information dans laquelle nous sommes aujourd\u2019hui.&nbsp;<strong><em>\u00ab&nbsp;Il y a le comportement de nous tous qui sommes des citoyens et des internautes. M\u00eame internaute ordinaire, on ne devrait jamais transf\u00e9rer une information dont-on n\u2019est pas s\u00fbr, qu\u2019on n\u2019a pas v\u00e9rifi\u00e9, surtout quand c\u2019est une information qui met en cause des personnes, il vaut mieux d\u2019abord essayer de v\u00e9rifier, ne pas balancer tout parce que je l\u2019ai re\u00e7u et j\u2019envoie \u00e0 mon ami. Donc il y a cette dimension \u00e9thique de l\u2019internaute ordinaire&nbsp;\u00bb<\/em><\/strong>, pr\u00e9cise&nbsp;<strong>Jean NTA A BITANG<\/strong>, Pr\u00e9sident du Comit\u00e9 scientifique de la AFFCameroon Conference 2022.<\/p>\n\n\n\n<h4 class=\"wp-block-heading\"><mark>Tous responsables<\/mark><\/h4>\n\n\n\n<p>Si la prise de conscience de l\u2019humain sur le ph\u00e9nom\u00e8ne de la d\u00e9sinformation n\u2019est pas une r\u00e9alit\u00e9 mesurable, l\u2019action r\u00e9pressive va se mettre en branle.&nbsp;<strong><em>&nbsp;\u00ab&nbsp;Le message est tr\u00e8s clair. Comme le ministre de la communication l\u2019a souvent dit, la libert\u00e9 de la presse est vraiment effective au Cameroun. Elle est tout simplement assombrie par la d\u00e9sinformation et les discours haineux. Le message c\u2019est la prise de conscience&nbsp; davantage du ph\u00e9nom\u00e8ne&nbsp; avant qu\u2019on ne passe \u00e0 la phase r\u00e9pressive. C\u2019est le message du ministre de la communication&nbsp;\u00bb<\/em><\/strong>,&nbsp;<strong>MVEYIM Paul<\/strong>, conseiller technique et Repr\u00e9sentant du Ministre de la communication.<\/p>\n\n\n\n<p><strong>LIRE AUSSI:&nbsp;<a href=\"https:\/\/stopintox.cm\/2022\/11\/17\/fake-news-et-discours-de-haine-une-synergie-dactions-se-tient-a-yaounde\/\">Fake news et discours de haine: une synergie d\u2019actions se tient \u00e0 Yaound\u00e9<\/a><\/strong><\/p>\n\n\n\n<p>En dehors de la sensibilisation et de la r\u00e9pression, plusieurs autres actions doivent \u00eatre actionn\u00e9es comme la promotion de l\u2019\u00e9ducation aux m\u00e9dias et \u00e0 l\u2019information pour l\u2019am\u00e9lioration du syst\u00e8me \u00e9ducatif au Cameroun, la r\u00e9elle volont\u00e9 des pouvoirs publics d\u2019am\u00e9liorer l\u2019acc\u00e8s l\u2019information. les r\u00e9solutions issues de cette conf\u00e9rence seront rendues publiques dans un rapport qui sera disponible sur le site de Defyhatenow.<\/p>\n\n\n\n<p>La c\u00e9r\u00e9monie s\u2019est achev\u00e9e par la remise des prix aux boursiers m\u00e9ritants d\u2019AFFCameroon.<\/p>","protected":false},"excerpt":{"rendered":"<p>Link to article C\u2019est l\u2019objectif de la conf\u00e9rence sur la lutte contre la&nbsp;d\u00e9sinformation et les discours haineux, baptis\u00e9e, \u00ab&nbsp;AFFCameroon Conference&nbsp;\u00bb, organis\u00e9e par Defyhatenow et Civic Watch, du 18 au 19 novembre 2022, \u00e0 Yaound\u00e9. &nbsp; Cette conf\u00e9rence \u00e9tait plac\u00e9e sous le th\u00e8me&nbsp;: \u00ab&nbsp;pour une synergie d\u2019actions contre la d\u00e9sinformation et les discours haineux en ligne [&hellip;]<\/p>","protected":false},"author":2,"featured_media":1811,"comment_status":"open","ping_status":"closed","sticky":false,"template":"","format":"standard","meta":{"site-sidebar-layout":"default","site-content-layout":"","ast-site-content-layout":"","site-content-style":"default","site-sidebar-style":"default","ast-global-header-display":"","ast-banner-title-visibility":"","ast-main-header-display":"","ast-hfb-above-header-display":"","ast-hfb-below-header-display":"","ast-hfb-mobile-header-display":"","site-post-title":"","ast-breadcrumbs-content":"","ast-featured-img":"","footer-sml-layout":"","theme-transparent-header-meta":"","adv-header-id-meta":"","stick-header-meta":"","header-above-stick-meta":"","header-main-stick-meta":"","header-below-stick-meta":"","astra-migrate-meta-layouts":"default","ast-page-background-enabled":"default","ast-page-background-meta":{"desktop":{"background-color":"","background-image":"","background-repeat":"repeat","background-position":"center center","background-size":"auto","background-attachment":"scroll","background-type":"","background-media":"","overlay-type":"","overlay-color":"","overlay-opacity":"","overlay-gradient":""},"tablet":{"background-color":"","background-image":"","background-repeat":"repeat","background-position":"center center","background-size":"auto","background-attachment":"scroll","background-type":"","background-media":"","overlay-type":"","overlay-color":"","overlay-opacity":"","overlay-gradient":""},"mobile":{"background-color":"","background-image":"","background-repeat":"repeat","background-position":"center center","background-size":"auto","background-attachment":"scroll","background-type":"","background-media":"","overlay-type":"","overlay-color":"","overlay-opacity":"","overlay-gradient":""}},"ast-content-background-meta":{"desktop":{"background-color":"var(--ast-global-color-5)","background-image":"","background-repeat":"repeat","background-position":"center center","background-size":"auto","background-attachment":"scroll","background-type":"","background-media":"","overlay-type":"","overlay-color":"","overlay-opacity":"","overlay-gradient":""},"tablet":{"background-color":"var(--ast-global-color-5)","background-image":"","background-repeat":"repeat","background-position":"center center","background-size":"auto","background-attachment":"scroll","background-type":"","background-media":"","overlay-type":"","overlay-color":"","overlay-opacity":"","overlay-gradient":""},"mobile":{"background-color":"var(--ast-global-color-5)","background-image":"","background-repeat":"repeat","background-position":"center center","background-size":"auto","background-attachment":"scroll","background-type":"","background-media":"","overlay-type":"","overlay-color":"","overlay-opacity":"","overlay-gradient":""}},"footnotes":""},"categories":[9],"tags":[],"class_list":["post-1810","post","type-post","status-publish","format-standard","has-post-thumbnail","hentry","category-online"],"yoast_head":"<!-- This site is optimized with the Yoast SEO plugin v25.1 - https:\/\/yoast.com\/wordpress\/plugins\/seo\/ -->\n<title>Stop Intox: Front Commun pour la lutte contre la d\u00e9sinformation et la propagation des discours de haine - #defyhatenow Media Mentions<\/title>\n<meta name=\"robots\" content=\"index, follow, max-snippet:-1, max-image-preview:large, max-video-preview:-1\" \/>\n<link rel=\"canonical\" href=\"https:\/\/press.defyhatenow.org\/fr\/stop-intox-front-commun-pour-la-lutte-contre-la-desinformation-et-la-propagation-des-discours-de-haine\/\" \/>\n<meta property=\"og:locale\" content=\"fr_FR\" \/>\n<meta property=\"og:type\" content=\"article\" \/>\n<meta property=\"og:title\" content=\"Stop Intox: Front Commun pour la lutte contre la d\u00e9sinformation et la propagation des discours de haine - #defyhatenow Media Mentions\" \/>\n<meta property=\"og:description\" content=\"Link to article C\u2019est l\u2019objectif de la conf\u00e9rence sur la lutte contre la&nbsp;d\u00e9sinformation et les discours haineux, baptis\u00e9e, \u00ab&nbsp;AFFCameroon Conference&nbsp;\u00bb, organis\u00e9e par Defyhatenow et Civic Watch, du 18 au 19 novembre 2022, \u00e0 Yaound\u00e9. &nbsp; Cette conf\u00e9rence \u00e9tait plac\u00e9e sous le th\u00e8me&nbsp;: \u00ab&nbsp;pour une synergie d\u2019actions contre la d\u00e9sinformation et les discours haineux en ligne [&hellip;]\" \/>\n<meta property=\"og:url\" content=\"https:\/\/press.defyhatenow.org\/fr\/stop-intox-front-commun-pour-la-lutte-contre-la-desinformation-et-la-propagation-des-discours-de-haine\/\" \/>\n<meta property=\"og:site_name\" content=\"#defyhatenow Media Mentions\" \/>\n<meta property=\"article:published_time\" content=\"2022-11-25T06:24:00+00:00\" \/>\n<meta property=\"article:modified_time\" content=\"2022-12-16T06:28:02+00:00\" \/>\n<meta property=\"og:image\" content=\"https:\/\/press.defyhatenow.org\/wp-content\/uploads\/2022\/12\/Front-Commun-pour-la-lutte-contre-la-desinformation-et-la-propagation-des-discours-de-haine.jpg\" \/>\n\t<meta property=\"og:image:width\" content=\"720\" \/>\n\t<meta property=\"og:image:height\" content=\"433\" \/>\n\t<meta property=\"og:image:type\" content=\"image\/jpeg\" \/>\n<meta name=\"author\" content=\"#defyhatenow_Cameroon\" \/>\n<meta name=\"twitter:card\" content=\"summary_large_image\" \/>\n<meta name=\"twitter:label1\" content=\"\u00c9crit par\" \/>\n\t<meta name=\"twitter:data1\" content=\"#defyhatenow_Cameroon\" \/>\n\t<meta name=\"twitter:label2\" content=\"Dur\u00e9e de lecture estim\u00e9e\" \/>\n\t<meta name=\"twitter:data2\" content=\"4 minutes\" \/>\n<script type=\"application\/ld+json\" class=\"yoast-schema-graph\">{\"@context\":\"https:\/\/schema.org\",\"@graph\":[{\"@type\":\"Article\",\"@id\":\"https:\/\/press.defyhatenow.org\/stop-intox-front-commun-pour-la-lutte-contre-la-desinformation-et-la-propagation-des-discours-de-haine\/#article\",\"isPartOf\":{\"@id\":\"https:\/\/press.defyhatenow.org\/stop-intox-front-commun-pour-la-lutte-contre-la-desinformation-et-la-propagation-des-discours-de-haine\/\"},\"author\":{\"name\":\"#defyhatenow_Cameroon\",\"@id\":\"https:\/\/press.defyhatenow.org\/#\/schema\/person\/70a8ba582b81f89a6cb28ef803106b44\"},\"headline\":\"Stop Intox: Front Commun pour la lutte contre la d\u00e9sinformation et la propagation des discours de haine\",\"datePublished\":\"2022-11-25T06:24:00+00:00\",\"dateModified\":\"2022-12-16T06:28:02+00:00\",\"mainEntityOfPage\":{\"@id\":\"https:\/\/press.defyhatenow.org\/stop-intox-front-commun-pour-la-lutte-contre-la-desinformation-et-la-propagation-des-discours-de-haine\/\"},\"wordCount\":909,\"commentCount\":0,\"publisher\":{\"@id\":\"https:\/\/press.defyhatenow.org\/#organization\"},\"image\":{\"@id\":\"https:\/\/press.defyhatenow.org\/stop-intox-front-commun-pour-la-lutte-contre-la-desinformation-et-la-propagation-des-discours-de-haine\/#primaryimage\"},\"thumbnailUrl\":\"https:\/\/press.defyhatenow.org\/wp-content\/uploads\/2022\/12\/Front-Commun-pour-la-lutte-contre-la-desinformation-et-la-propagation-des-discours-de-haine.jpg\",\"articleSection\":[\"Online\"],\"inLanguage\":\"fr-FR\",\"potentialAction\":[{\"@type\":\"CommentAction\",\"name\":\"Comment\",\"target\":[\"https:\/\/press.defyhatenow.org\/stop-intox-front-commun-pour-la-lutte-contre-la-desinformation-et-la-propagation-des-discours-de-haine\/#respond\"]}]},{\"@type\":\"WebPage\",\"@id\":\"https:\/\/press.defyhatenow.org\/stop-intox-front-commun-pour-la-lutte-contre-la-desinformation-et-la-propagation-des-discours-de-haine\/\",\"url\":\"https:\/\/press.defyhatenow.org\/stop-intox-front-commun-pour-la-lutte-contre-la-desinformation-et-la-propagation-des-discours-de-haine\/\",\"name\":\"Stop Intox: Front Commun pour la lutte contre la d\u00e9sinformation et la propagation des discours de haine - #defyhatenow Media Mentions\",\"isPartOf\":{\"@id\":\"https:\/\/press.defyhatenow.org\/#website\"},\"primaryImageOfPage\":{\"@id\":\"https:\/\/press.defyhatenow.org\/stop-intox-front-commun-pour-la-lutte-contre-la-desinformation-et-la-propagation-des-discours-de-haine\/#primaryimage\"},\"image\":{\"@id\":\"https:\/\/press.defyhatenow.org\/stop-intox-front-commun-pour-la-lutte-contre-la-desinformation-et-la-propagation-des-discours-de-haine\/#primaryimage\"},\"thumbnailUrl\":\"https:\/\/press.defyhatenow.org\/wp-content\/uploads\/2022\/12\/Front-Commun-pour-la-lutte-contre-la-desinformation-et-la-propagation-des-discours-de-haine.jpg\",\"datePublished\":\"2022-11-25T06:24:00+00:00\",\"dateModified\":\"2022-12-16T06:28:02+00:00\",\"breadcrumb\":{\"@id\":\"https:\/\/press.defyhatenow.org\/stop-intox-front-commun-pour-la-lutte-contre-la-desinformation-et-la-propagation-des-discours-de-haine\/#breadcrumb\"},\"inLanguage\":\"fr-FR\",\"potentialAction\":[{\"@type\":\"ReadAction\",\"target\":[\"https:\/\/press.defyhatenow.org\/stop-intox-front-commun-pour-la-lutte-contre-la-desinformation-et-la-propagation-des-discours-de-haine\/\"]}]},{\"@type\":\"ImageObject\",\"inLanguage\":\"fr-FR\",\"@id\":\"https:\/\/press.defyhatenow.org\/stop-intox-front-commun-pour-la-lutte-contre-la-desinformation-et-la-propagation-des-discours-de-haine\/#primaryimage\",\"url\":\"https:\/\/press.defyhatenow.org\/wp-content\/uploads\/2022\/12\/Front-Commun-pour-la-lutte-contre-la-desinformation-et-la-propagation-des-discours-de-haine.jpg\",\"contentUrl\":\"https:\/\/press.defyhatenow.org\/wp-content\/uploads\/2022\/12\/Front-Commun-pour-la-lutte-contre-la-desinformation-et-la-propagation-des-discours-de-haine.jpg\",\"width\":720,\"height\":433},{\"@type\":\"BreadcrumbList\",\"@id\":\"https:\/\/press.defyhatenow.org\/stop-intox-front-commun-pour-la-lutte-contre-la-desinformation-et-la-propagation-des-discours-de-haine\/#breadcrumb\",\"itemListElement\":[{\"@type\":\"ListItem\",\"position\":1,\"name\":\"Home\",\"item\":\"https:\/\/press.defyhatenow.org\/\"},{\"@type\":\"ListItem\",\"position\":2,\"name\":\"Stop Intox: Front Commun pour la lutte contre la d\u00e9sinformation et la propagation des discours de haine\"}]},{\"@type\":\"WebSite\",\"@id\":\"https:\/\/press.defyhatenow.org\/#website\",\"url\":\"https:\/\/press.defyhatenow.org\/\",\"name\":\"#defyhatenow Media Mentions\",\"description\":\"Press Page\",\"publisher\":{\"@id\":\"https:\/\/press.defyhatenow.org\/#organization\"},\"potentialAction\":[{\"@type\":\"SearchAction\",\"target\":{\"@type\":\"EntryPoint\",\"urlTemplate\":\"https:\/\/press.defyhatenow.org\/?s={search_term_string}\"},\"query-input\":{\"@type\":\"PropertyValueSpecification\",\"valueRequired\":true,\"valueName\":\"search_term_string\"}}],\"inLanguage\":\"fr-FR\"},{\"@type\":\"Organization\",\"@id\":\"https:\/\/press.defyhatenow.org\/#organization\",\"name\":\"#defyhatenow Media Mentions\",\"url\":\"https:\/\/press.defyhatenow.org\/\",\"logo\":{\"@type\":\"ImageObject\",\"inLanguage\":\"fr-FR\",\"@id\":\"https:\/\/press.defyhatenow.org\/#\/schema\/logo\/image\/\",\"url\":\"https:\/\/press.defyhatenow.org\/wp-content\/uploads\/2023\/07\/cropped-media-mentions-e1688975283958.png\",\"contentUrl\":\"https:\/\/press.defyhatenow.org\/wp-content\/uploads\/2023\/07\/cropped-media-mentions-e1688975283958.png\",\"width\":471,\"height\":118,\"caption\":\"#defyhatenow Media Mentions\"},\"image\":{\"@id\":\"https:\/\/press.defyhatenow.org\/#\/schema\/logo\/image\/\"}},{\"@type\":\"Person\",\"@id\":\"https:\/\/press.defyhatenow.org\/#\/schema\/person\/70a8ba582b81f89a6cb28ef803106b44\",\"name\":\"#defyhatenow_Cameroon\",\"image\":{\"@type\":\"ImageObject\",\"inLanguage\":\"fr-FR\",\"@id\":\"https:\/\/press.defyhatenow.org\/#\/schema\/person\/image\/\",\"url\":\"https:\/\/secure.gravatar.com\/avatar\/c82175dab9ece4bb24f3f07630ef8d614754139e2b32dc6073c2ffca9b84e084?s=96&d=mm&r=g\",\"contentUrl\":\"https:\/\/secure.gravatar.com\/avatar\/c82175dab9ece4bb24f3f07630ef8d614754139e2b32dc6073c2ffca9b84e084?s=96&d=mm&r=g\",\"caption\":\"#defyhatenow_Cameroon\"},\"url\":\"https:\/\/press.defyhatenow.org\/fr\/author\/developer\/\"}]}<\/script>\n<!-- \/ Yoast SEO plugin. -->","yoast_head_json":{"title":"Stop Intox: Front Commun pour la lutte contre la d\u00e9sinformation et la propagation des discours de haine - #defyhatenow Media Mentions","robots":{"index":"index","follow":"follow","max-snippet":"max-snippet:-1","max-image-preview":"max-image-preview:large","max-video-preview":"max-video-preview:-1"},"canonical":"https:\/\/press.defyhatenow.org\/fr\/stop-intox-front-commun-pour-la-lutte-contre-la-desinformation-et-la-propagation-des-discours-de-haine\/","og_locale":"fr_FR","og_type":"article","og_title":"Stop Intox: Front Commun pour la lutte contre la d\u00e9sinformation et la propagation des discours de haine - #defyhatenow Media Mentions","og_description":"Link to article C\u2019est l\u2019objectif de la conf\u00e9rence sur la lutte contre la&nbsp;d\u00e9sinformation et les discours haineux, baptis\u00e9e, \u00ab&nbsp;AFFCameroon Conference&nbsp;\u00bb, organis\u00e9e par Defyhatenow et Civic Watch, du 18 au 19 novembre 2022, \u00e0 Yaound\u00e9. &nbsp; Cette conf\u00e9rence \u00e9tait plac\u00e9e sous le th\u00e8me&nbsp;: \u00ab&nbsp;pour une synergie d\u2019actions contre la d\u00e9sinformation et les discours haineux en ligne [&hellip;]","og_url":"https:\/\/press.defyhatenow.org\/fr\/stop-intox-front-commun-pour-la-lutte-contre-la-desinformation-et-la-propagation-des-discours-de-haine\/","og_site_name":"#defyhatenow Media Mentions","article_published_time":"2022-11-25T06:24:00+00:00","article_modified_time":"2022-12-16T06:28:02+00:00","og_image":[{"width":720,"height":433,"url":"https:\/\/press.defyhatenow.org\/wp-content\/uploads\/2022\/12\/Front-Commun-pour-la-lutte-contre-la-desinformation-et-la-propagation-des-discours-de-haine.jpg","type":"image\/jpeg"}],"author":"#defyhatenow_Cameroon","twitter_card":"summary_large_image","twitter_misc":{"\u00c9crit par":"#defyhatenow_Cameroon","Dur\u00e9e de lecture estim\u00e9e":"4 minutes"},"schema":{"@context":"https:\/\/schema.org","@graph":[{"@type":"Article","@id":"https:\/\/press.defyhatenow.org\/stop-intox-front-commun-pour-la-lutte-contre-la-desinformation-et-la-propagation-des-discours-de-haine\/#article","isPartOf":{"@id":"https:\/\/press.defyhatenow.org\/stop-intox-front-commun-pour-la-lutte-contre-la-desinformation-et-la-propagation-des-discours-de-haine\/"},"author":{"name":"#defyhatenow_Cameroon","@id":"https:\/\/press.defyhatenow.org\/#\/schema\/person\/70a8ba582b81f89a6cb28ef803106b44"},"headline":"Stop Intox: Front Commun pour la lutte contre la d\u00e9sinformation et la propagation des discours de haine","datePublished":"2022-11-25T06:24:00+00:00","dateModified":"2022-12-16T06:28:02+00:00","mainEntityOfPage":{"@id":"https:\/\/press.defyhatenow.org\/stop-intox-front-commun-pour-la-lutte-contre-la-desinformation-et-la-propagation-des-discours-de-haine\/"},"wordCount":909,"commentCount":0,"publisher":{"@id":"https:\/\/press.defyhatenow.org\/#organization"},"image":{"@id":"https:\/\/press.defyhatenow.org\/stop-intox-front-commun-pour-la-lutte-contre-la-desinformation-et-la-propagation-des-discours-de-haine\/#primaryimage"},"thumbnailUrl":"https:\/\/press.defyhatenow.org\/wp-content\/uploads\/2022\/12\/Front-Commun-pour-la-lutte-contre-la-desinformation-et-la-propagation-des-discours-de-haine.jpg","articleSection":["Online"],"inLanguage":"fr-FR","potentialAction":[{"@type":"CommentAction","name":"Comment","target":["https:\/\/press.defyhatenow.org\/stop-intox-front-commun-pour-la-lutte-contre-la-desinformation-et-la-propagation-des-discours-de-haine\/#respond"]}]},{"@type":"WebPage","@id":"https:\/\/press.defyhatenow.org\/stop-intox-front-commun-pour-la-lutte-contre-la-desinformation-et-la-propagation-des-discours-de-haine\/","url":"https:\/\/press.defyhatenow.org\/stop-intox-front-commun-pour-la-lutte-contre-la-desinformation-et-la-propagation-des-discours-de-haine\/","name":"Stop Intox: Front Commun pour la lutte contre la d\u00e9sinformation et la propagation des discours de haine - #defyhatenow Media Mentions","isPartOf":{"@id":"https:\/\/press.defyhatenow.org\/#website"},"primaryImageOfPage":{"@id":"https:\/\/press.defyhatenow.org\/stop-intox-front-commun-pour-la-lutte-contre-la-desinformation-et-la-propagation-des-discours-de-haine\/#primaryimage"},"image":{"@id":"https:\/\/press.defyhatenow.org\/stop-intox-front-commun-pour-la-lutte-contre-la-desinformation-et-la-propagation-des-discours-de-haine\/#primaryimage"},"thumbnailUrl":"https:\/\/press.defyhatenow.org\/wp-content\/uploads\/2022\/12\/Front-Commun-pour-la-lutte-contre-la-desinformation-et-la-propagation-des-discours-de-haine.jpg","datePublished":"2022-11-25T06:24:00+00:00","dateModified":"2022-12-16T06:28:02+00:00","breadcrumb":{"@id":"https:\/\/press.defyhatenow.org\/stop-intox-front-commun-pour-la-lutte-contre-la-desinformation-et-la-propagation-des-discours-de-haine\/#breadcrumb"},"inLanguage":"fr-FR","potentialAction":[{"@type":"ReadAction","target":["https:\/\/press.defyhatenow.org\/stop-intox-front-commun-pour-la-lutte-contre-la-desinformation-et-la-propagation-des-discours-de-haine\/"]}]},{"@type":"ImageObject","inLanguage":"fr-FR","@id":"https:\/\/press.defyhatenow.org\/stop-intox-front-commun-pour-la-lutte-contre-la-desinformation-et-la-propagation-des-discours-de-haine\/#primaryimage","url":"https:\/\/press.defyhatenow.org\/wp-content\/uploads\/2022\/12\/Front-Commun-pour-la-lutte-contre-la-desinformation-et-la-propagation-des-discours-de-haine.jpg","contentUrl":"https:\/\/press.defyhatenow.org\/wp-content\/uploads\/2022\/12\/Front-Commun-pour-la-lutte-contre-la-desinformation-et-la-propagation-des-discours-de-haine.jpg","width":720,"height":433},{"@type":"BreadcrumbList","@id":"https:\/\/press.defyhatenow.org\/stop-intox-front-commun-pour-la-lutte-contre-la-desinformation-et-la-propagation-des-discours-de-haine\/#breadcrumb","itemListElement":[{"@type":"ListItem","position":1,"name":"Home","item":"https:\/\/press.defyhatenow.org\/"},{"@type":"ListItem","position":2,"name":"Stop Intox: Front Commun pour la lutte contre la d\u00e9sinformation et la propagation des discours de haine"}]},{"@type":"WebSite","@id":"https:\/\/press.defyhatenow.org\/#website","url":"https:\/\/press.defyhatenow.org\/","name":"#defyhatenow Media Mentions","description":"Press Page","publisher":{"@id":"https:\/\/press.defyhatenow.org\/#organization"},"potentialAction":[{"@type":"SearchAction","target":{"@type":"EntryPoint","urlTemplate":"https:\/\/press.defyhatenow.org\/?s={search_term_string}"},"query-input":{"@type":"PropertyValueSpecification","valueRequired":true,"valueName":"search_term_string"}}],"inLanguage":"fr-FR"},{"@type":"Organization","@id":"https:\/\/press.defyhatenow.org\/#organization","name":"#defyhatenow Media Mentions","url":"https:\/\/press.defyhatenow.org\/","logo":{"@type":"ImageObject","inLanguage":"fr-FR","@id":"https:\/\/press.defyhatenow.org\/#\/schema\/logo\/image\/","url":"https:\/\/press.defyhatenow.org\/wp-content\/uploads\/2023\/07\/cropped-media-mentions-e1688975283958.png","contentUrl":"https:\/\/press.defyhatenow.org\/wp-content\/uploads\/2023\/07\/cropped-media-mentions-e1688975283958.png","width":471,"height":118,"caption":"#defyhatenow Media Mentions"},"image":{"@id":"https:\/\/press.defyhatenow.org\/#\/schema\/logo\/image\/"}},{"@type":"Person","@id":"https:\/\/press.defyhatenow.org\/#\/schema\/person\/70a8ba582b81f89a6cb28ef803106b44","name":"#defyhatenow_Cameroon","image":{"@type":"ImageObject","inLanguage":"fr-FR","@id":"https:\/\/press.defyhatenow.org\/#\/schema\/person\/image\/","url":"https:\/\/secure.gravatar.com\/avatar\/c82175dab9ece4bb24f3f07630ef8d614754139e2b32dc6073c2ffca9b84e084?s=96&d=mm&r=g","contentUrl":"https:\/\/secure.gravatar.com\/avatar\/c82175dab9ece4bb24f3f07630ef8d614754139e2b32dc6073c2ffca9b84e084?s=96&d=mm&r=g","caption":"#defyhatenow_Cameroon"},"url":"https:\/\/press.defyhatenow.org\/fr\/author\/developer\/"}]}},"rttpg_featured_image_url":{"full":["https:\/\/press.defyhatenow.org\/wp-content\/uploads\/2022\/12\/Front-Commun-pour-la-lutte-contre-la-desinformation-et-la-propagation-des-discours-de-haine.jpg",720,433,false],"landscape":["https:\/\/press.defyhatenow.org\/wp-content\/uploads\/2022\/12\/Front-Commun-pour-la-lutte-contre-la-desinformation-et-la-propagation-des-discours-de-haine.jpg",720,433,false],"portraits":["https:\/\/press.defyhatenow.org\/wp-content\/uploads\/2022\/12\/Front-Commun-pour-la-lutte-contre-la-desinformation-et-la-propagation-des-discours-de-haine.jpg",720,433,false],"thumbnail":["https:\/\/press.defyhatenow.org\/wp-content\/uploads\/2022\/12\/Front-Commun-pour-la-lutte-contre-la-desinformation-et-la-propagation-des-discours-de-haine-150x150.jpg",150,150,true],"medium":["https:\/\/press.defyhatenow.org\/wp-content\/uploads\/2022\/12\/Front-Commun-pour-la-lutte-contre-la-desinformation-et-la-propagation-des-discours-de-haine-300x180.jpg",300,180,true],"large":["https:\/\/press.defyhatenow.org\/wp-content\/uploads\/2022\/12\/Front-Commun-pour-la-lutte-contre-la-desinformation-et-la-propagation-des-discours-de-haine.jpg",720,433,false],"1536x1536":["https:\/\/press.defyhatenow.org\/wp-content\/uploads\/2022\/12\/Front-Commun-pour-la-lutte-contre-la-desinformation-et-la-propagation-des-discours-de-haine.jpg",720,433,false],"2048x2048":["https:\/\/press.defyhatenow.org\/wp-content\/uploads\/2022\/12\/Front-Commun-pour-la-lutte-contre-la-desinformation-et-la-propagation-des-discours-de-haine.jpg",720,433,false],"trp-custom-language-flag":["https:\/\/press.defyhatenow.org\/wp-content\/uploads\/2022\/12\/Front-Commun-pour-la-lutte-contre-la-desinformation-et-la-propagation-des-discours-de-haine-18x12.jpg",18,12,true]},"rttpg_author":{"display_name":"#defyhatenow_Cameroon","author_link":"https:\/\/press.defyhatenow.org\/fr\/author\/developer\/"},"rttpg_comment":1,"rttpg_category":"<a href=\"https:\/\/press.defyhatenow.org\/fr\/category\/online\/\" rel=\"category tag\">Online<\/a>","rttpg_excerpt":"Link to article C\u2019est l\u2019objectif de la conf\u00e9rence sur la lutte contre la&nbsp;d\u00e9sinformation et les discours haineux, baptis\u00e9e, \u00ab&nbsp;AFFCameroon Conference&nbsp;\u00bb, organis\u00e9e par Defyhatenow et Civic Watch, du 18 au 19 novembre 2022, \u00e0 Yaound\u00e9. &nbsp; Cette conf\u00e9rence \u00e9tait plac\u00e9e sous le th\u00e8me&nbsp;: \u00ab&nbsp;pour une synergie d\u2019actions contre la d\u00e9sinformation et les discours haineux en ligne\u2026","_links":{"self":[{"href":"https:\/\/press.defyhatenow.org\/fr\/wp-json\/wp\/v2\/posts\/1810","targetHints":{"allow":["GET"]}}],"collection":[{"href":"https:\/\/press.defyhatenow.org\/fr\/wp-json\/wp\/v2\/posts"}],"about":[{"href":"https:\/\/press.defyhatenow.org\/fr\/wp-json\/wp\/v2\/types\/post"}],"author":[{"embeddable":true,"href":"https:\/\/press.defyhatenow.org\/fr\/wp-json\/wp\/v2\/users\/2"}],"replies":[{"embeddable":true,"href":"https:\/\/press.defyhatenow.org\/fr\/wp-json\/wp\/v2\/comments?post=1810"}],"version-history":[{"count":1,"href":"https:\/\/press.defyhatenow.org\/fr\/wp-json\/wp\/v2\/posts\/1810\/revisions"}],"predecessor-version":[{"id":1812,"href":"https:\/\/press.defyhatenow.org\/fr\/wp-json\/wp\/v2\/posts\/1810\/revisions\/1812"}],"wp:featuredmedia":[{"embeddable":true,"href":"https:\/\/press.defyhatenow.org\/fr\/wp-json\/wp\/v2\/media\/1811"}],"wp:attachment":[{"href":"https:\/\/press.defyhatenow.org\/fr\/wp-json\/wp\/v2\/media?parent=1810"}],"wp:term":[{"taxonomy":"category","embeddable":true,"href":"https:\/\/press.defyhatenow.org\/fr\/wp-json\/wp\/v2\/categories?post=1810"},{"taxonomy":"post_tag","embeddable":true,"href":"https:\/\/press.defyhatenow.org\/fr\/wp-json\/wp\/v2\/tags?post=1810"}],"curies":[{"name":"wp","href":"https:\/\/api.w.org\/{rel}","templated":true}]}}