{"id":3184,"date":"2024-05-27T10:20:00","date_gmt":"2024-05-27T10:20:00","guid":{"rendered":"https:\/\/press.defyhatenow.org\/?p=3184"},"modified":"2024-08-09T10:23:44","modified_gmt":"2024-08-09T10:23:44","slug":"news-lens-combating-hate-speech-youth-leaders-empowered-share-strategies","status":"publish","type":"post","link":"https:\/\/press.defyhatenow.org\/fr\/news-lens-combating-hate-speech-youth-leaders-empowered-share-strategies\/","title":{"rendered":"News Lens: Combating Hate Speech: Youth Leaders Empowered, Share Strategies"},"content":{"rendered":"<p><strong><em>By Etienne Mainimo Mengnjo<\/em><\/strong> Posted on <strong>News Lens<\/strong> on May 27,2024 . See<a href=\"https:\/\/news-lens.com\/combating-hate-speech-youth-leaders-empowered-share-strategies\/\"> link here<\/a>. <\/p>\n\n\n\n<p>Amidst the growing chasm of hateful speech, young Leaders from diverse backgrounds have been empowered with strategies for tackling hate speech in society. They leaders were empowered in a two-day workshop that took place in Yaounde from May 23<sup>rd<\/sup>&nbsp;to 24<sup>th<\/sup><\/p>\n\n\n\n<figure class=\"wp-block-image\"><img decoding=\"async\" src=\"https:\/\/news-lens.com\/wp-content\/uploads\/2024\/05\/14-1024x509.jpg\" alt=\"\" class=\"wp-image-2873\"\/><figcaption class=\"wp-element-caption\"><strong><em>Cross section of Officials and participants pose for a family picture&nbsp;<\/em><\/strong><em>(Photo Credit: C-LIFE)<\/em><\/figcaption><\/figure>\n\n\n\n<p>The workshop, titled \u201cLeadership Development and Hate Speech Mitigation,\u201d was organized by C-Life Cameroon in partnership with the Civic Watch Association and sponsored by Defyhatenow.<\/p>\n\n\n\n<p>The workshop brought together over 25 young leaders who actively participated in discussions and shared valuable insights especially during roundtable discussions.<\/p>\n\n\n\n<p>Speakers at the workshop delved into the negative impacts of hate speech on society and explored methods for mitigating its spread. They emphasized the critical role young people can play in promoting responsible social media use.<\/p>\n\n\n\n<figure class=\"wp-block-image\"><img decoding=\"async\" src=\"https:\/\/news-lens.com\/wp-content\/uploads\/2024\/05\/11-1024x683.jpg\" alt=\"\" class=\"wp-image-2874\"\/><figcaption class=\"wp-element-caption\"><em><strong>Youth leader participating during the workshop<\/strong><\/em>&nbsp;<strong><em><\/em><\/strong><em>(Photo Credit: C-LIFE)<\/em><\/figcaption><\/figure>\n\n\n\n<p>The emphasis was placed on harnessing the power of social media platforms for positive change. Participants discussed strategies to bridge the gap between responsible online behavior and effectively countering hate speech narratives.<\/p>\n\n\n\n<p>The workshop went beyond the digital realm, encouraging young leaders to raise awareness about the broader societal and cultural harm caused by hate speech. Participants explored ways to engage friends, family, and communities in open conversations about the importance of tolerance and respect.<\/p>\n\n\n\n<p>The importance of public solidarity with victims of hate speech was also highlighted. Participants discussed strategies for standing up against hateful messages in public spaces, fostering a sense of safety and inclusion for all.<\/p>\n\n\n\n<figure class=\"wp-block-image\"><img decoding=\"async\" src=\"https:\/\/news-lens.com\/wp-content\/uploads\/2024\/05\/13-1024x683.jpg\" alt=\"\" class=\"wp-image-2875\"\/><figcaption class=\"wp-element-caption\"><strong><em>Participants during the workshop&nbsp;<\/em><\/strong>(<strong><em>&nbsp;<\/em><\/strong><em>(Photo Credit: C-LIFE)<\/em><\/figcaption><\/figure>\n\n\n\n<p>A key takeaway was the emphasis on responsible social media use. While acknowledging the power of social media platforms, speakers stressed the importance of youth taking the lead in promoting responsible online behavior. This includes actively countering hate speech by reporting it, promoting positive messages, and fostering constructive online discourse.<\/p>\n\n\n\n<p>The workshop also focused on fostering effective leadership communication within communities. Participants explored the importance of authenticity, adapting communication styles to different audiences, and fostering open dialogue. By creating environments where team members feel valued and heard, young leaders can build stronger communities and inspire positive change.<\/p>\n\n\n\n<p>Participants speaking to the press after the workshop, lauded the organizers for their timely initiative.<\/p>\n\n\n\n<figure class=\"wp-block-image\"><img decoding=\"async\" src=\"https:\/\/news-lens.com\/wp-content\/uploads\/2024\/05\/15-1024x836.jpg\" alt=\"\" class=\"wp-image-2876\"\/><figcaption class=\"wp-element-caption\"><strong><em>Evans Tatah, C-Life community manager speaking during the workshop&nbsp;<\/em><\/strong><em>(Photo Credit: C-LIFE)<\/em><\/figcaption><\/figure>\n\n\n\n<p>\u201cThis two-day workshop has been incredibly informative,\u201d one participant remarked. \u201cThe key takeaway is that fostering a hate-free environment requires responsibility from all of us. I\u2019m planning to follow up with my group to further explore these concepts.\u201d<\/p>\n\n\n\n<p>Another participant, drawing on their own experience, shared, \u201cI\u2019m excited to become a hate speech awareness advocate in my community. Hate speech has serious consequences, and it can lead to a multitude of problems.\u201d<\/p>\n\n\n\n<p>By equipping young leaders with the tools and strategies to combat hate speech, organizers indicated that C-Life Cameroon, the Civic Watch Association, and Defyhatenow are making a significant contribution to fostering a more inclusive and respectful society.<\/p>","protected":false},"excerpt":{"rendered":"<p>By Etienne Mainimo Mengnjo Posted on News Lens on May 27,2024 . See link here. Amidst the growing chasm of hateful speech, young Leaders from diverse backgrounds have been empowered with strategies for tackling hate speech in society. They leaders were empowered in a two-day workshop that took place in Yaounde from May 23rd&nbsp;to 24th [&hellip;]<\/p>","protected":false},"author":1,"featured_media":3185,"comment_status":"open","ping_status":"closed","sticky":false,"template":"","format":"standard","meta":{"site-sidebar-layout":"default","site-content-layout":"","ast-site-content-layout":"","site-content-style":"default","site-sidebar-style":"default","ast-global-header-display":"","ast-banner-title-visibility":"","ast-main-header-display":"","ast-hfb-above-header-display":"","ast-hfb-below-header-display":"","ast-hfb-mobile-header-display":"","site-post-title":"","ast-breadcrumbs-content":"","ast-featured-img":"disabled","footer-sml-layout":"","theme-transparent-header-meta":"","adv-header-id-meta":"","stick-header-meta":"","header-above-stick-meta":"","header-main-stick-meta":"","header-below-stick-meta":"","astra-migrate-meta-layouts":"default","ast-page-background-enabled":"default","ast-page-background-meta":{"desktop":{"background-color":"","background-image":"","background-repeat":"repeat","background-position":"center center","background-size":"auto","background-attachment":"scroll","background-type":"","background-media":"","overlay-type":"","overlay-color":"","overlay-opacity":"","overlay-gradient":""},"tablet":{"background-color":"","background-image":"","background-repeat":"repeat","background-position":"center center","background-size":"auto","background-attachment":"scroll","background-type":"","background-media":"","overlay-type":"","overlay-color":"","overlay-opacity":"","overlay-gradient":""},"mobile":{"background-color":"","background-image":"","background-repeat":"repeat","background-position":"center center","background-size":"auto","background-attachment":"scroll","background-type":"","background-media":"","overlay-type":"","overlay-color":"","overlay-opacity":"","overlay-gradient":""}},"ast-content-background-meta":{"desktop":{"background-color":"var(--ast-global-color-5)","background-image":"","background-repeat":"repeat","background-position":"center center","background-size":"auto","background-attachment":"scroll","background-type":"","background-media":"","overlay-type":"","overlay-color":"","overlay-opacity":"","overlay-gradient":""},"tablet":{"background-color":"var(--ast-global-color-5)","background-image":"","background-repeat":"repeat","background-position":"center center","background-size":"auto","background-attachment":"scroll","background-type":"","background-media":"","overlay-type":"","overlay-color":"","overlay-opacity":"","overlay-gradient":""},"mobile":{"background-color":"var(--ast-global-color-5)","background-image":"","background-repeat":"repeat","background-position":"center center","background-size":"auto","background-attachment":"scroll","background-type":"","background-media":"","overlay-type":"","overlay-color":"","overlay-opacity":"","overlay-gradient":""}},"footnotes":""},"categories":[9],"tags":[],"class_list":["post-3184","post","type-post","status-publish","format-standard","has-post-thumbnail","hentry","category-online"],"yoast_head":"<!-- This site is optimized with the Yoast SEO plugin v25.1 - https:\/\/yoast.com\/wordpress\/plugins\/seo\/ -->\n<title>News Lens: Combating Hate Speech: Youth Leaders Empowered, Share Strategies - #defyhatenow Media Mentions<\/title>\n<meta name=\"robots\" content=\"index, follow, max-snippet:-1, max-image-preview:large, max-video-preview:-1\" \/>\n<link rel=\"canonical\" href=\"https:\/\/press.defyhatenow.org\/fr\/news-lens-combating-hate-speech-youth-leaders-empowered-share-strategies\/\" \/>\n<meta property=\"og:locale\" content=\"fr_FR\" \/>\n<meta property=\"og:type\" content=\"article\" \/>\n<meta property=\"og:title\" content=\"News Lens: Combating Hate Speech: Youth Leaders Empowered, Share Strategies - #defyhatenow Media Mentions\" \/>\n<meta property=\"og:description\" content=\"By Etienne Mainimo Mengnjo Posted on News Lens on May 27,2024 . See link here. Amidst the growing chasm of hateful speech, young Leaders from diverse backgrounds have been empowered with strategies for tackling hate speech in society. They leaders were empowered in a two-day workshop that took place in Yaounde from May 23rd&nbsp;to 24th [&hellip;]\" \/>\n<meta property=\"og:url\" content=\"https:\/\/press.defyhatenow.org\/fr\/news-lens-combating-hate-speech-youth-leaders-empowered-share-strategies\/\" \/>\n<meta property=\"og:site_name\" content=\"#defyhatenow Media Mentions\" \/>\n<meta property=\"article:published_time\" content=\"2024-05-27T10:20:00+00:00\" \/>\n<meta property=\"article:modified_time\" content=\"2024-08-09T10:23:44+00:00\" \/>\n<meta property=\"og:image\" content=\"https:\/\/press.defyhatenow.org\/wp-content\/uploads\/2024\/08\/14-1024x509-1.webp\" \/>\n\t<meta property=\"og:image:width\" content=\"1024\" \/>\n\t<meta property=\"og:image:height\" content=\"509\" \/>\n\t<meta property=\"og:image:type\" content=\"image\/webp\" \/>\n<meta name=\"author\" content=\"#defyhatenow Cameroon\" \/>\n<meta name=\"twitter:card\" content=\"summary_large_image\" \/>\n<meta name=\"twitter:label1\" content=\"\u00c9crit par\" \/>\n\t<meta name=\"twitter:data1\" content=\"#defyhatenow Cameroon\" \/>\n\t<meta name=\"twitter:label2\" content=\"Dur\u00e9e de lecture estim\u00e9e\" \/>\n\t<meta name=\"twitter:data2\" content=\"4 minutes\" \/>\n<script type=\"application\/ld+json\" class=\"yoast-schema-graph\">{\"@context\":\"https:\/\/schema.org\",\"@graph\":[{\"@type\":\"Article\",\"@id\":\"https:\/\/press.defyhatenow.org\/news-lens-combating-hate-speech-youth-leaders-empowered-share-strategies\/#article\",\"isPartOf\":{\"@id\":\"https:\/\/press.defyhatenow.org\/news-lens-combating-hate-speech-youth-leaders-empowered-share-strategies\/\"},\"author\":{\"name\":\"#defyhatenow Cameroon\",\"@id\":\"https:\/\/press.defyhatenow.org\/#\/schema\/person\/2c3e2ce69834d2ac2252637fe6029364\"},\"headline\":\"News Lens: Combating Hate Speech: Youth Leaders Empowered, Share Strategies\",\"datePublished\":\"2024-05-27T10:20:00+00:00\",\"dateModified\":\"2024-08-09T10:23:44+00:00\",\"mainEntityOfPage\":{\"@id\":\"https:\/\/press.defyhatenow.org\/news-lens-combating-hate-speech-youth-leaders-empowered-share-strategies\/\"},\"wordCount\":525,\"commentCount\":0,\"publisher\":{\"@id\":\"https:\/\/press.defyhatenow.org\/#organization\"},\"image\":{\"@id\":\"https:\/\/press.defyhatenow.org\/news-lens-combating-hate-speech-youth-leaders-empowered-share-strategies\/#primaryimage\"},\"thumbnailUrl\":\"https:\/\/press.defyhatenow.org\/wp-content\/uploads\/2024\/08\/14-1024x509-1.webp\",\"articleSection\":[\"Online\"],\"inLanguage\":\"fr-FR\",\"potentialAction\":[{\"@type\":\"CommentAction\",\"name\":\"Comment\",\"target\":[\"https:\/\/press.defyhatenow.org\/news-lens-combating-hate-speech-youth-leaders-empowered-share-strategies\/#respond\"]}]},{\"@type\":\"WebPage\",\"@id\":\"https:\/\/press.defyhatenow.org\/news-lens-combating-hate-speech-youth-leaders-empowered-share-strategies\/\",\"url\":\"https:\/\/press.defyhatenow.org\/news-lens-combating-hate-speech-youth-leaders-empowered-share-strategies\/\",\"name\":\"News Lens: Combating Hate Speech: Youth Leaders Empowered, Share Strategies - #defyhatenow Media Mentions\",\"isPartOf\":{\"@id\":\"https:\/\/press.defyhatenow.org\/#website\"},\"primaryImageOfPage\":{\"@id\":\"https:\/\/press.defyhatenow.org\/news-lens-combating-hate-speech-youth-leaders-empowered-share-strategies\/#primaryimage\"},\"image\":{\"@id\":\"https:\/\/press.defyhatenow.org\/news-lens-combating-hate-speech-youth-leaders-empowered-share-strategies\/#primaryimage\"},\"thumbnailUrl\":\"https:\/\/press.defyhatenow.org\/wp-content\/uploads\/2024\/08\/14-1024x509-1.webp\",\"datePublished\":\"2024-05-27T10:20:00+00:00\",\"dateModified\":\"2024-08-09T10:23:44+00:00\",\"breadcrumb\":{\"@id\":\"https:\/\/press.defyhatenow.org\/news-lens-combating-hate-speech-youth-leaders-empowered-share-strategies\/#breadcrumb\"},\"inLanguage\":\"fr-FR\",\"potentialAction\":[{\"@type\":\"ReadAction\",\"target\":[\"https:\/\/press.defyhatenow.org\/news-lens-combating-hate-speech-youth-leaders-empowered-share-strategies\/\"]}]},{\"@type\":\"ImageObject\",\"inLanguage\":\"fr-FR\",\"@id\":\"https:\/\/press.defyhatenow.org\/news-lens-combating-hate-speech-youth-leaders-empowered-share-strategies\/#primaryimage\",\"url\":\"https:\/\/press.defyhatenow.org\/wp-content\/uploads\/2024\/08\/14-1024x509-1.webp\",\"contentUrl\":\"https:\/\/press.defyhatenow.org\/wp-content\/uploads\/2024\/08\/14-1024x509-1.webp\",\"width\":1024,\"height\":509},{\"@type\":\"BreadcrumbList\",\"@id\":\"https:\/\/press.defyhatenow.org\/news-lens-combating-hate-speech-youth-leaders-empowered-share-strategies\/#breadcrumb\",\"itemListElement\":[{\"@type\":\"ListItem\",\"position\":1,\"name\":\"Home\",\"item\":\"https:\/\/press.defyhatenow.org\/\"},{\"@type\":\"ListItem\",\"position\":2,\"name\":\"News Lens: Combating Hate Speech: Youth Leaders Empowered, Share Strategies\"}]},{\"@type\":\"WebSite\",\"@id\":\"https:\/\/press.defyhatenow.org\/#website\",\"url\":\"https:\/\/press.defyhatenow.org\/\",\"name\":\"#defyhatenow Media Mentions\",\"description\":\"Press Page\",\"publisher\":{\"@id\":\"https:\/\/press.defyhatenow.org\/#organization\"},\"potentialAction\":[{\"@type\":\"SearchAction\",\"target\":{\"@type\":\"EntryPoint\",\"urlTemplate\":\"https:\/\/press.defyhatenow.org\/?s={search_term_string}\"},\"query-input\":{\"@type\":\"PropertyValueSpecification\",\"valueRequired\":true,\"valueName\":\"search_term_string\"}}],\"inLanguage\":\"fr-FR\"},{\"@type\":\"Organization\",\"@id\":\"https:\/\/press.defyhatenow.org\/#organization\",\"name\":\"#defyhatenow Media Mentions\",\"url\":\"https:\/\/press.defyhatenow.org\/\",\"logo\":{\"@type\":\"ImageObject\",\"inLanguage\":\"fr-FR\",\"@id\":\"https:\/\/press.defyhatenow.org\/#\/schema\/logo\/image\/\",\"url\":\"https:\/\/press.defyhatenow.org\/wp-content\/uploads\/2023\/07\/cropped-media-mentions-e1688975283958.png\",\"contentUrl\":\"https:\/\/press.defyhatenow.org\/wp-content\/uploads\/2023\/07\/cropped-media-mentions-e1688975283958.png\",\"width\":471,\"height\":118,\"caption\":\"#defyhatenow Media Mentions\"},\"image\":{\"@id\":\"https:\/\/press.defyhatenow.org\/#\/schema\/logo\/image\/\"}},{\"@type\":\"Person\",\"@id\":\"https:\/\/press.defyhatenow.org\/#\/schema\/person\/2c3e2ce69834d2ac2252637fe6029364\",\"name\":\"#defyhatenow Cameroon\",\"image\":{\"@type\":\"ImageObject\",\"inLanguage\":\"fr-FR\",\"@id\":\"https:\/\/press.defyhatenow.org\/#\/schema\/person\/image\/\",\"url\":\"https:\/\/secure.gravatar.com\/avatar\/0fd08d862248eb975b62ca34013ac82cf467c7b72bdc88f89274dd741fe7d6bb?s=96&d=mm&r=g\",\"contentUrl\":\"https:\/\/secure.gravatar.com\/avatar\/0fd08d862248eb975b62ca34013ac82cf467c7b72bdc88f89274dd741fe7d6bb?s=96&d=mm&r=g\",\"caption\":\"#defyhatenow Cameroon\"},\"sameAs\":[\"http:\/\/press.defyhatenow.org\"],\"url\":\"https:\/\/press.defyhatenow.org\/fr\/author\/press\/\"}]}<\/script>\n<!-- \/ Yoast SEO plugin. -->","yoast_head_json":{"title":"News Lens: Combating Hate Speech: Youth Leaders Empowered, Share Strategies - #defyhatenow Media Mentions","robots":{"index":"index","follow":"follow","max-snippet":"max-snippet:-1","max-image-preview":"max-image-preview:large","max-video-preview":"max-video-preview:-1"},"canonical":"https:\/\/press.defyhatenow.org\/fr\/news-lens-combating-hate-speech-youth-leaders-empowered-share-strategies\/","og_locale":"fr_FR","og_type":"article","og_title":"News Lens: Combating Hate Speech: Youth Leaders Empowered, Share Strategies - #defyhatenow Media Mentions","og_description":"By Etienne Mainimo Mengnjo Posted on News Lens on May 27,2024 . See link here. Amidst the growing chasm of hateful speech, young Leaders from diverse backgrounds have been empowered with strategies for tackling hate speech in society. They leaders were empowered in a two-day workshop that took place in Yaounde from May 23rd&nbsp;to 24th [&hellip;]","og_url":"https:\/\/press.defyhatenow.org\/fr\/news-lens-combating-hate-speech-youth-leaders-empowered-share-strategies\/","og_site_name":"#defyhatenow Media Mentions","article_published_time":"2024-05-27T10:20:00+00:00","article_modified_time":"2024-08-09T10:23:44+00:00","og_image":[{"width":1024,"height":509,"url":"https:\/\/press.defyhatenow.org\/wp-content\/uploads\/2024\/08\/14-1024x509-1.webp","type":"image\/webp"}],"author":"#defyhatenow Cameroon","twitter_card":"summary_large_image","twitter_misc":{"\u00c9crit par":"#defyhatenow Cameroon","Dur\u00e9e de lecture estim\u00e9e":"4 minutes"},"schema":{"@context":"https:\/\/schema.org","@graph":[{"@type":"Article","@id":"https:\/\/press.defyhatenow.org\/news-lens-combating-hate-speech-youth-leaders-empowered-share-strategies\/#article","isPartOf":{"@id":"https:\/\/press.defyhatenow.org\/news-lens-combating-hate-speech-youth-leaders-empowered-share-strategies\/"},"author":{"name":"#defyhatenow Cameroon","@id":"https:\/\/press.defyhatenow.org\/#\/schema\/person\/2c3e2ce69834d2ac2252637fe6029364"},"headline":"News Lens: Combating Hate Speech: Youth Leaders Empowered, Share Strategies","datePublished":"2024-05-27T10:20:00+00:00","dateModified":"2024-08-09T10:23:44+00:00","mainEntityOfPage":{"@id":"https:\/\/press.defyhatenow.org\/news-lens-combating-hate-speech-youth-leaders-empowered-share-strategies\/"},"wordCount":525,"commentCount":0,"publisher":{"@id":"https:\/\/press.defyhatenow.org\/#organization"},"image":{"@id":"https:\/\/press.defyhatenow.org\/news-lens-combating-hate-speech-youth-leaders-empowered-share-strategies\/#primaryimage"},"thumbnailUrl":"https:\/\/press.defyhatenow.org\/wp-content\/uploads\/2024\/08\/14-1024x509-1.webp","articleSection":["Online"],"inLanguage":"fr-FR","potentialAction":[{"@type":"CommentAction","name":"Comment","target":["https:\/\/press.defyhatenow.org\/news-lens-combating-hate-speech-youth-leaders-empowered-share-strategies\/#respond"]}]},{"@type":"WebPage","@id":"https:\/\/press.defyhatenow.org\/news-lens-combating-hate-speech-youth-leaders-empowered-share-strategies\/","url":"https:\/\/press.defyhatenow.org\/news-lens-combating-hate-speech-youth-leaders-empowered-share-strategies\/","name":"News Lens: Combating Hate Speech: Youth Leaders Empowered, Share Strategies - #defyhatenow Media Mentions","isPartOf":{"@id":"https:\/\/press.defyhatenow.org\/#website"},"primaryImageOfPage":{"@id":"https:\/\/press.defyhatenow.org\/news-lens-combating-hate-speech-youth-leaders-empowered-share-strategies\/#primaryimage"},"image":{"@id":"https:\/\/press.defyhatenow.org\/news-lens-combating-hate-speech-youth-leaders-empowered-share-strategies\/#primaryimage"},"thumbnailUrl":"https:\/\/press.defyhatenow.org\/wp-content\/uploads\/2024\/08\/14-1024x509-1.webp","datePublished":"2024-05-27T10:20:00+00:00","dateModified":"2024-08-09T10:23:44+00:00","breadcrumb":{"@id":"https:\/\/press.defyhatenow.org\/news-lens-combating-hate-speech-youth-leaders-empowered-share-strategies\/#breadcrumb"},"inLanguage":"fr-FR","potentialAction":[{"@type":"ReadAction","target":["https:\/\/press.defyhatenow.org\/news-lens-combating-hate-speech-youth-leaders-empowered-share-strategies\/"]}]},{"@type":"ImageObject","inLanguage":"fr-FR","@id":"https:\/\/press.defyhatenow.org\/news-lens-combating-hate-speech-youth-leaders-empowered-share-strategies\/#primaryimage","url":"https:\/\/press.defyhatenow.org\/wp-content\/uploads\/2024\/08\/14-1024x509-1.webp","contentUrl":"https:\/\/press.defyhatenow.org\/wp-content\/uploads\/2024\/08\/14-1024x509-1.webp","width":1024,"height":509},{"@type":"BreadcrumbList","@id":"https:\/\/press.defyhatenow.org\/news-lens-combating-hate-speech-youth-leaders-empowered-share-strategies\/#breadcrumb","itemListElement":[{"@type":"ListItem","position":1,"name":"Home","item":"https:\/\/press.defyhatenow.org\/"},{"@type":"ListItem","position":2,"name":"News Lens: Combating Hate Speech: Youth Leaders Empowered, Share Strategies"}]},{"@type":"WebSite","@id":"https:\/\/press.defyhatenow.org\/#website","url":"https:\/\/press.defyhatenow.org\/","name":"#defyhatenow Media Mentions","description":"Press Page","publisher":{"@id":"https:\/\/press.defyhatenow.org\/#organization"},"potentialAction":[{"@type":"SearchAction","target":{"@type":"EntryPoint","urlTemplate":"https:\/\/press.defyhatenow.org\/?s={search_term_string}"},"query-input":{"@type":"PropertyValueSpecification","valueRequired":true,"valueName":"search_term_string"}}],"inLanguage":"fr-FR"},{"@type":"Organization","@id":"https:\/\/press.defyhatenow.org\/#organization","name":"#defyhatenow Media Mentions","url":"https:\/\/press.defyhatenow.org\/","logo":{"@type":"ImageObject","inLanguage":"fr-FR","@id":"https:\/\/press.defyhatenow.org\/#\/schema\/logo\/image\/","url":"https:\/\/press.defyhatenow.org\/wp-content\/uploads\/2023\/07\/cropped-media-mentions-e1688975283958.png","contentUrl":"https:\/\/press.defyhatenow.org\/wp-content\/uploads\/2023\/07\/cropped-media-mentions-e1688975283958.png","width":471,"height":118,"caption":"#defyhatenow Media Mentions"},"image":{"@id":"https:\/\/press.defyhatenow.org\/#\/schema\/logo\/image\/"}},{"@type":"Person","@id":"https:\/\/press.defyhatenow.org\/#\/schema\/person\/2c3e2ce69834d2ac2252637fe6029364","name":"#defyhatenow Cameroon","image":{"@type":"ImageObject","inLanguage":"fr-FR","@id":"https:\/\/press.defyhatenow.org\/#\/schema\/person\/image\/","url":"https:\/\/secure.gravatar.com\/avatar\/0fd08d862248eb975b62ca34013ac82cf467c7b72bdc88f89274dd741fe7d6bb?s=96&d=mm&r=g","contentUrl":"https:\/\/secure.gravatar.com\/avatar\/0fd08d862248eb975b62ca34013ac82cf467c7b72bdc88f89274dd741fe7d6bb?s=96&d=mm&r=g","caption":"#defyhatenow Cameroon"},"sameAs":["http:\/\/press.defyhatenow.org"],"url":"https:\/\/press.defyhatenow.org\/fr\/author\/press\/"}]}},"rttpg_featured_image_url":{"full":["https:\/\/press.defyhatenow.org\/wp-content\/uploads\/2024\/08\/14-1024x509-1.webp",1024,509,false],"landscape":["https:\/\/press.defyhatenow.org\/wp-content\/uploads\/2024\/08\/14-1024x509-1.webp",1024,509,false],"portraits":["https:\/\/press.defyhatenow.org\/wp-content\/uploads\/2024\/08\/14-1024x509-1.webp",1024,509,false],"thumbnail":["https:\/\/press.defyhatenow.org\/wp-content\/uploads\/2024\/08\/14-1024x509-1-150x150.webp",150,150,true],"medium":["https:\/\/press.defyhatenow.org\/wp-content\/uploads\/2024\/08\/14-1024x509-1-300x149.webp",300,149,true],"large":["https:\/\/press.defyhatenow.org\/wp-content\/uploads\/2024\/08\/14-1024x509-1.webp",1024,509,false],"1536x1536":["https:\/\/press.defyhatenow.org\/wp-content\/uploads\/2024\/08\/14-1024x509-1.webp",1024,509,false],"2048x2048":["https:\/\/press.defyhatenow.org\/wp-content\/uploads\/2024\/08\/14-1024x509-1.webp",1024,509,false],"trp-custom-language-flag":["https:\/\/press.defyhatenow.org\/wp-content\/uploads\/2024\/08\/14-1024x509-1-18x9.webp",18,9,true]},"rttpg_author":{"display_name":"#defyhatenow Cameroon","author_link":"https:\/\/press.defyhatenow.org\/fr\/author\/press\/"},"rttpg_comment":0,"rttpg_category":"<a href=\"https:\/\/press.defyhatenow.org\/fr\/category\/online\/\" rel=\"category tag\">Online<\/a>","rttpg_excerpt":"By Etienne Mainimo Mengnjo Posted on News Lens on May 27,2024 . See link here. Amidst the growing chasm of hateful speech, young Leaders from diverse backgrounds have been empowered with strategies for tackling hate speech in society. They leaders were empowered in a two-day workshop that took place in Yaounde from May 23rd&nbsp;to 24th\u2026","_links":{"self":[{"href":"https:\/\/press.defyhatenow.org\/fr\/wp-json\/wp\/v2\/posts\/3184","targetHints":{"allow":["GET"]}}],"collection":[{"href":"https:\/\/press.defyhatenow.org\/fr\/wp-json\/wp\/v2\/posts"}],"about":[{"href":"https:\/\/press.defyhatenow.org\/fr\/wp-json\/wp\/v2\/types\/post"}],"author":[{"embeddable":true,"href":"https:\/\/press.defyhatenow.org\/fr\/wp-json\/wp\/v2\/users\/1"}],"replies":[{"embeddable":true,"href":"https:\/\/press.defyhatenow.org\/fr\/wp-json\/wp\/v2\/comments?post=3184"}],"version-history":[{"count":3,"href":"https:\/\/press.defyhatenow.org\/fr\/wp-json\/wp\/v2\/posts\/3184\/revisions"}],"predecessor-version":[{"id":3189,"href":"https:\/\/press.defyhatenow.org\/fr\/wp-json\/wp\/v2\/posts\/3184\/revisions\/3189"}],"wp:featuredmedia":[{"embeddable":true,"href":"https:\/\/press.defyhatenow.org\/fr\/wp-json\/wp\/v2\/media\/3185"}],"wp:attachment":[{"href":"https:\/\/press.defyhatenow.org\/fr\/wp-json\/wp\/v2\/media?parent=3184"}],"wp:term":[{"taxonomy":"category","embeddable":true,"href":"https:\/\/press.defyhatenow.org\/fr\/wp-json\/wp\/v2\/categories?post=3184"},{"taxonomy":"post_tag","embeddable":true,"href":"https:\/\/press.defyhatenow.org\/fr\/wp-json\/wp\/v2\/tags?post=3184"}],"curies":[{"name":"wp","href":"https:\/\/api.w.org\/{rel}","templated":true}]}}